{"id":2482,"date":"2024-01-14T14:52:45","date_gmt":"2024-01-14T14:52:45","guid":{"rendered":"https:\/\/wp.mittelschule-regenstauf.de\/?p=2482"},"modified":"2024-01-14T15:00:28","modified_gmt":"2024-01-14T15:00:28","slug":"der-jobpoint-startet","status":"publish","type":"post","link":"https:\/\/mittelschule-regenstauf.de\/?p=2482","title":{"rendered":"Der Jobpoint startet"},"content":{"rendered":"\t\t<div data-elementor-type=\"wp-post\" data-elementor-id=\"2482\" class=\"elementor elementor-2482\">\n\t\t\t\t<div class=\"elementor-element elementor-element-2215f6d e-con-full e-flex e-con e-parent\" data-id=\"2215f6d\" data-element_type=\"container\" data-e-type=\"container\">\n\t\t\t\t<div class=\"elementor-element elementor-element-ed00a9b elementor-widget__width-initial elementor-widget elementor-widget-text-editor\" data-id=\"ed00a9b\" data-element_type=\"widget\" data-e-type=\"widget\" data-widget_type=\"text-editor.default\">\n\t\t\t\t<div class=\"elementor-widget-container\">\n\t\t\t\t\t\t\t\t\t<p>Endlich ist es soweit! Der Jobpoint geht an den Start. Ab dem Schuljahr 2023\/2024 wird er wichtige Informationen und Stellenangebote f\u00fcr unsere Sch\u00fclerinnen und Sch\u00fcler zug\u00e4nglich machen.\u00a0<\/p><p>Was macht man eigentlich genau als Medizinische Fachangestellte?<\/p><p>Wie gestalten sich die Arbeitszeiten als Koch?<\/p><p>Wie viel Ausbildungsgehalt bekomme ich als KFZ-Mechatroniker?<\/p><p>Diese und andere Fragen beantwortet ab diesem Schuljahr unser Jobpoint. Gut sichtbar und stets erreichbar finden sich dort zus\u00e4tzlich auch Flyer und Ausbildungsangebote regionaler Betriebe.<\/p><p>F\u00fcr vertiefte Beratung und die Beantwortung offener Fragen stehen den Sch\u00fclerinnen und Sch\u00fclern zudem stets unsere Lehrkr\u00e4fte der Berufsoerientierung Frau Amann und Frau Bausch sowie die Berufsberaterin Frau Theisinger zur Verf\u00fcgung<\/p><p>\u00a0<\/p>\t\t\t\t\t\t\t\t<\/div>\n\t\t\t\t<\/div>\n\t\t\t\t<\/div>\n\t\t<div class=\"elementor-element elementor-element-0989dde e-con-full e-flex e-con e-parent\" data-id=\"0989dde\" data-element_type=\"container\" data-e-type=\"container\">\n\t\t\t\t<div class=\"elementor-element elementor-element-da6e28b elementor-widget__width-initial elementor-widget elementor-widget-image\" data-id=\"da6e28b\" data-element_type=\"widget\" data-e-type=\"widget\" data-widget_type=\"image.default\">\n\t\t\t\t<div class=\"elementor-widget-container\">\n\t\t\t\t\t\t\t\t\t\t\t\t\t\t\t<img fetchpriority=\"high\" decoding=\"async\" width=\"1024\" height=\"768\" src=\"https:\/\/mittelschule-regenstauf.de\/wp-content\/uploads\/2024\/01\/IMG_6379-1024x768.jpg\" class=\"attachment-large size-large wp-image-2105\" alt=\"\" srcset=\"https:\/\/mittelschule-regenstauf.de\/wp-content\/uploads\/2024\/01\/IMG_6379-1024x768.jpg 1024w, https:\/\/mittelschule-regenstauf.de\/wp-content\/uploads\/2024\/01\/IMG_6379-300x225.jpg 300w, https:\/\/mittelschule-regenstauf.de\/wp-content\/uploads\/2024\/01\/IMG_6379-768x576.jpg 768w, https:\/\/mittelschule-regenstauf.de\/wp-content\/uploads\/2024\/01\/IMG_6379-1536x1152.jpg 1536w, https:\/\/mittelschule-regenstauf.de\/wp-content\/uploads\/2024\/01\/IMG_6379-2048x1536.jpg 2048w\" sizes=\"(max-width: 1024px) 100vw, 1024px\" \/>\t\t\t\t\t\t\t\t\t\t\t\t\t\t\t<\/div>\n\t\t\t\t<\/div>\n\t\t\t\t<\/div>\n\t\t\t\t<\/div>\n\t\t","protected":false},"excerpt":{"rendered":"<p>Endlich ist es soweit! Der Jobpoint geht an den Start. Ab dem Schuljahr 2023\/2024 wird er wichtige Informationen und Stellenangebote f\u00fcr unsere Sch\u00fclerinnen und Sch\u00fcler zug\u00e4nglich machen.\u00a0 Was macht man eigentlich genau als Medizinische Fachangestellte? Wie gestalten sich die Arbeitszeiten als Koch? Wie viel Ausbildungsgehalt bekomme ich als KFZ-Mechatroniker? Diese und andere Fragen beantwortet ab&hellip;&nbsp;<a href=\"https:\/\/mittelschule-regenstauf.de\/?p=2482\" rel=\"bookmark\">Weiterlesen &raquo;<span class=\"screen-reader-text\">Der Jobpoint startet<\/span><\/a><\/p>\n","protected":false},"author":1,"featured_media":2105,"comment_status":"closed","ping_status":"closed","sticky":false,"template":"","format":"standard","meta":{"neve_meta_sidebar":"","neve_meta_container":"","neve_meta_enable_content_width":"off","neve_meta_content_width":70,"neve_meta_title_alignment":"","neve_meta_author_avatar":"","neve_post_elements_order":"","neve_meta_disable_header":"","neve_meta_disable_footer":"","neve_meta_disable_title":"","footnotes":""},"categories":[1],"tags":[],"class_list":["post-2482","post","type-post","status-publish","format-standard","has-post-thumbnail","hentry","category-uncategorized"],"_links":{"self":[{"href":"https:\/\/mittelschule-regenstauf.de\/index.php?rest_route=\/wp\/v2\/posts\/2482","targetHints":{"allow":["GET"]}}],"collection":[{"href":"https:\/\/mittelschule-regenstauf.de\/index.php?rest_route=\/wp\/v2\/posts"}],"about":[{"href":"https:\/\/mittelschule-regenstauf.de\/index.php?rest_route=\/wp\/v2\/types\/post"}],"author":[{"embeddable":true,"href":"https:\/\/mittelschule-regenstauf.de\/index.php?rest_route=\/wp\/v2\/users\/1"}],"replies":[{"embeddable":true,"href":"https:\/\/mittelschule-regenstauf.de\/index.php?rest_route=%2Fwp%2Fv2%2Fcomments&post=2482"}],"version-history":[{"count":22,"href":"https:\/\/mittelschule-regenstauf.de\/index.php?rest_route=\/wp\/v2\/posts\/2482\/revisions"}],"predecessor-version":[{"id":2508,"href":"https:\/\/mittelschule-regenstauf.de\/index.php?rest_route=\/wp\/v2\/posts\/2482\/revisions\/2508"}],"wp:featuredmedia":[{"embeddable":true,"href":"https:\/\/mittelschule-regenstauf.de\/index.php?rest_route=\/wp\/v2\/media\/2105"}],"wp:attachment":[{"href":"https:\/\/mittelschule-regenstauf.de\/index.php?rest_route=%2Fwp%2Fv2%2Fmedia&parent=2482"}],"wp:term":[{"taxonomy":"category","embeddable":true,"href":"https:\/\/mittelschule-regenstauf.de\/index.php?rest_route=%2Fwp%2Fv2%2Fcategories&post=2482"},{"taxonomy":"post_tag","embeddable":true,"href":"https:\/\/mittelschule-regenstauf.de\/index.php?rest_route=%2Fwp%2Fv2%2Ftags&post=2482"}],"curies":[{"name":"wp","href":"https:\/\/api.w.org\/{rel}","templated":true}]}}