{"id":3254,"date":"2025-04-01T06:03:27","date_gmt":"2025-04-01T06:03:27","guid":{"rendered":"https:\/\/mittelschule-regenstauf.de\/?p=3254"},"modified":"2025-04-01T06:08:56","modified_gmt":"2025-04-01T06:08:56","slug":"ernaehrungshandwerk-erleben","status":"publish","type":"post","link":"https:\/\/mittelschule-regenstauf.de\/?p=3254","title":{"rendered":"Ern\u00e4hrungshandwerk erleben"},"content":{"rendered":"\t\t<div data-elementor-type=\"wp-post\" data-elementor-id=\"3254\" class=\"elementor elementor-3254\">\n\t\t\t\t<div class=\"elementor-element elementor-element-9372fe8 e-con-full e-flex e-con e-parent\" data-id=\"9372fe8\" data-element_type=\"container\" data-e-type=\"container\">\n\t\t\t\t<div class=\"elementor-element elementor-element-6654cce elementor-widget elementor-widget-text-editor\" data-id=\"6654cce\" data-element_type=\"widget\" data-e-type=\"widget\" data-widget_type=\"text-editor.default\">\n\t\t\t\t<div class=\"elementor-widget-container\">\n\t\t\t\t\t\t\t\t\t<p><strong>Sch\u00fclerinnen und Sch\u00fcler erleben B\u00e4ckerhandwerk hautnah<\/strong><\/p><p>Projekt &#8222;Ern\u00e4hrungshandwerk erleben \u2013 Ern\u00e4hrung macht Schule&#8220; bringt Praxis in den Unterricht<\/p><p>Regensburg. Wie entsteht eigentlich ein Keks? Was macht einen guten Teig aus? Und warum ist es sinnvoll, regionale Zutaten zu verwenden? Das alles stand f\u00fcr die Sch\u00fclerinnen und Sch\u00fcler der M7c der Mittelschule am Schlossberg Regenstauf im Mittelpunkt, als sie die Backstube der B\u00e4ckerei und Konditorei Mandl in Regensburg besuchten. Im Rahmen des Projekts &#8222;Ern\u00e4hrungshandwerk erleben \u2013 Ern\u00e4hrung macht Schule&#8220; durften sie dabei nicht nur zuschauen, sondern auch selbst mit anpacken.<\/p><p>B\u00e4ckermeister Sebastian Schwarz hatte eigens f\u00fcr die Klasse einen Keksteig vorbereitet. Gemeinsam wurde dieser &#8211; passend zur Faschingszeit &#8211; kreativ gestaltet und verziert. Doch nicht nur die handwerklichen Fertigkeiten standen im Fokus: Die Jugendlichen lernten auch, warum es sich lohnt, auf regionale Produkte zu setzen. Das Mehl bezieht die Konditorei Mandl beispielsweise direkt aus der Oberpfalz und Niederbayern. Die kurzen Transportwege sorgen nicht nur f\u00fcr Frische, sondern unterst\u00fctzen auch die heimische Landwirtschaft und tragen zum Klimaschutz bei.<\/p><p>Sebastian Schwarz gab den Sch\u00fclerinnen und Sch\u00fclern einen wertvollen Gedanken mit auf den Weg: \u201eB\u00e4ckerhandwerk bedeutet mehr als Mehl und Wasser zu mischen \u2013 es ist Leidenschaft, Kreativit\u00e4t und Verantwortung f\u00fcr hochwertige Lebensmittel. Wer mit den besten Zutaten arbeitet, wird immer das beste Ergebnis erzielen.\u201c<\/p><p>Das Projekt \u201eErn\u00e4hrungshandwerk erleben \u2013 Ern\u00e4hrung macht Schule\u201c wird vom Sachgebiet 62 &#8211; Beratung in der Land- und Hauswirtschaft, Ern\u00e4hrung der Regierung der Oberpfalz im Auftrag des Bayerischen Staatsministeriums f\u00fcr Ern\u00e4hrung, Landwirtschaft, Forsten und Tourismus (StMELF) umgesetzt. Ziel ist es, Sch\u00fclerinnen und Sch\u00fclern das traditionsreiche und zukunftstr\u00e4chtige Ern\u00e4hrungshandwerk n\u00e4herzubringen. Ob M\u00fcller, B\u00e4cker, Konditor, Fleischer, Brauer oder Koch \u2013 am Arbeitsplatz des Ern\u00e4hrungshandwerkers sehen, h\u00f6ren, riechen und f\u00fchlen die Sch\u00fclerinnen und Sch\u00fcler ihre selbst zubereiteten regionalen Spezialit\u00e4ten<\/p>\t\t\t\t\t\t\t\t<\/div>\n\t\t\t\t<\/div>\n\t\t\t\t<\/div>\n\t\t<div class=\"elementor-element elementor-element-12aff79 e-con-full e-flex e-con e-parent\" data-id=\"12aff79\" data-element_type=\"container\" data-e-type=\"container\">\n\t\t\t\t<div class=\"elementor-element elementor-element-1bfd8f3 elementor-widget elementor-widget-image\" data-id=\"1bfd8f3\" data-element_type=\"widget\" data-e-type=\"widget\" data-widget_type=\"image.default\">\n\t\t\t\t<div class=\"elementor-widget-container\">\n\t\t\t\t\t\t\t\t\t\t\t\t\t\t\t<img fetchpriority=\"high\" decoding=\"async\" width=\"1024\" height=\"715\" src=\"https:\/\/mittelschule-regenstauf.de\/wp-content\/uploads\/2025\/04\/2025-02-21-Anlage-Bild_-PM-1024x715.jpg\" class=\"attachment-large size-large wp-image-3255\" alt=\"\" srcset=\"https:\/\/mittelschule-regenstauf.de\/wp-content\/uploads\/2025\/04\/2025-02-21-Anlage-Bild_-PM-1024x715.jpg 1024w, https:\/\/mittelschule-regenstauf.de\/wp-content\/uploads\/2025\/04\/2025-02-21-Anlage-Bild_-PM-300x209.jpg 300w, https:\/\/mittelschule-regenstauf.de\/wp-content\/uploads\/2025\/04\/2025-02-21-Anlage-Bild_-PM-768x536.jpg 768w, https:\/\/mittelschule-regenstauf.de\/wp-content\/uploads\/2025\/04\/2025-02-21-Anlage-Bild_-PM-1536x1072.jpg 1536w, https:\/\/mittelschule-regenstauf.de\/wp-content\/uploads\/2025\/04\/2025-02-21-Anlage-Bild_-PM-2048x1429.jpg 2048w\" sizes=\"(max-width: 1024px) 100vw, 1024px\" \/>\t\t\t\t\t\t\t\t\t\t\t\t\t\t\t<\/div>\n\t\t\t\t<\/div>\n\t\t\t\t<\/div>\n\t\t\t\t<\/div>\n\t\t","protected":false},"excerpt":{"rendered":"<p>Sch\u00fclerinnen und Sch\u00fcler erleben B\u00e4ckerhandwerk hautnah Projekt &#8222;Ern\u00e4hrungshandwerk erleben \u2013 Ern\u00e4hrung macht Schule&#8220; bringt Praxis in den Unterricht Regensburg. Wie entsteht eigentlich ein Keks? Was macht einen guten Teig aus? Und warum ist es sinnvoll, regionale Zutaten zu verwenden? Das alles stand f\u00fcr die Sch\u00fclerinnen und Sch\u00fcler der M7c der Mittelschule am Schlossberg Regenstauf im&hellip;&nbsp;<a href=\"https:\/\/mittelschule-regenstauf.de\/?p=3254\" rel=\"bookmark\">Weiterlesen &raquo;<span class=\"screen-reader-text\">Ern\u00e4hrungshandwerk erleben<\/span><\/a><\/p>\n","protected":false},"author":1,"featured_media":3255,"comment_status":"closed","ping_status":"closed","sticky":false,"template":"","format":"standard","meta":{"neve_meta_sidebar":"","neve_meta_container":"","neve_meta_enable_content_width":"off","neve_meta_content_width":70,"neve_meta_title_alignment":"","neve_meta_author_avatar":"","neve_post_elements_order":"","neve_meta_disable_header":"","neve_meta_disable_footer":"","neve_meta_disable_title":"","footnotes":""},"categories":[1],"tags":[],"class_list":["post-3254","post","type-post","status-publish","format-standard","has-post-thumbnail","hentry","category-uncategorized"],"_links":{"self":[{"href":"https:\/\/mittelschule-regenstauf.de\/index.php?rest_route=\/wp\/v2\/posts\/3254","targetHints":{"allow":["GET"]}}],"collection":[{"href":"https:\/\/mittelschule-regenstauf.de\/index.php?rest_route=\/wp\/v2\/posts"}],"about":[{"href":"https:\/\/mittelschule-regenstauf.de\/index.php?rest_route=\/wp\/v2\/types\/post"}],"author":[{"embeddable":true,"href":"https:\/\/mittelschule-regenstauf.de\/index.php?rest_route=\/wp\/v2\/users\/1"}],"replies":[{"embeddable":true,"href":"https:\/\/mittelschule-regenstauf.de\/index.php?rest_route=%2Fwp%2Fv2%2Fcomments&post=3254"}],"version-history":[{"count":4,"href":"https:\/\/mittelschule-regenstauf.de\/index.php?rest_route=\/wp\/v2\/posts\/3254\/revisions"}],"predecessor-version":[{"id":3259,"href":"https:\/\/mittelschule-regenstauf.de\/index.php?rest_route=\/wp\/v2\/posts\/3254\/revisions\/3259"}],"wp:featuredmedia":[{"embeddable":true,"href":"https:\/\/mittelschule-regenstauf.de\/index.php?rest_route=\/wp\/v2\/media\/3255"}],"wp:attachment":[{"href":"https:\/\/mittelschule-regenstauf.de\/index.php?rest_route=%2Fwp%2Fv2%2Fmedia&parent=3254"}],"wp:term":[{"taxonomy":"category","embeddable":true,"href":"https:\/\/mittelschule-regenstauf.de\/index.php?rest_route=%2Fwp%2Fv2%2Fcategories&post=3254"},{"taxonomy":"post_tag","embeddable":true,"href":"https:\/\/mittelschule-regenstauf.de\/index.php?rest_route=%2Fwp%2Fv2%2Ftags&post=3254"}],"curies":[{"name":"wp","href":"https:\/\/api.w.org\/{rel}","templated":true}]}}